{"id":2859,"date":"2020-08-30T20:51:26","date_gmt":"2020-08-30T20:51:26","guid":{"rendered":"http:\/\/www.schulmann.hu\/istvan\/?p=2859"},"modified":"2020-08-30T20:51:26","modified_gmt":"2020-08-30T20:51:26","slug":"15-gondolat-ami-segithet-ha-elakadtal-az-eletben","status":"publish","type":"post","link":"https:\/\/www.schulmann.hu\/istvan\/15-gondolat-ami-segithet-ha-elakadtal-az-eletben\/","title":{"rendered":"15 gondolat, ami seg\u00edthet, ha elakadt\u00e1l az \u00e9letben"},"content":{"rendered":"<p><script type=\"text\/javascript\" src=\"\/\/code.jquery.com\/jquery-1.11.0.min.js\"><\/script><script type=\"text\/javascript\" src=\"https:\/\/schulmann.hu\/istvan\/own\/gyik\/gyik_help.js\"><\/script><link rel=\"stylesheet\" type=\"text\/css\" href=\"https:\/\/schulmann.hu\/istvan\/own\/gyik\/gyik_help.css\">\n<\/p><p><span class=\"wpsdc-drop-cap\">M<\/span>egint egy pontokba szedett &ouml;sszefoglal&oacute;. &Uacute;gy l&aacute;tszik, ezek el&eacute;gg&eacute; szimpatikusak sz&aacute;momra. Az al&aacute;bbi list&aacute;ban van j&oacute; p&aacute;r olyan dolog, amivel teljesen egyet tudok &eacute;rteni, amiben ak&aacute;r tapasztalatom is van. &Iacute;gy a szok&aacute;sos m&oacute;don a list&aacute;t kicsit ell&aacute;ttam a saj&aacute;t megjegyz&eacute;seimmel.<\/p>\n<p>Milanovich Domi &iacute;r&aacute;sa:<\/p>\n<p>Biztosan veled is el&#337;fordult m&aacute;r, hogy &uacute;gy &eacute;rezted, teljesen megrekedt&eacute;l. Semmire sem tudt&aacute;l koncentr&aacute;lni, v&eacute;szesen alacsony volt az energiaszinted, nem b&iacute;rt&aacute;l dolgozni, &uuml;gyeket elint&eacute;zni, bel&uuml;lr&#337;l em&eacute;sztett fel az unalom. Amikor t&uacute;lterheltek, zavarodottak vagy motiv&aacute;latlanok vagyunk, fontos &uacute;jratervezn&uuml;nk az &eacute;let&uuml;nket. Ilyenkor az alap&eacute;rt&eacute;keink &uacute;jb&oacute;li tudatos&iacute;t&aacute;sa olyan t&aacute;mpontokat adhat, amelyek sokat seg&iacute;thetnek, hogy a helyes ir&aacute;nyba induljunk el.<\/p>\n<p>A mindennapi m&oacute;kusker&eacute;kben hajlamosak lehet&uuml;nk megfeledkezni azokr&oacute;l a dolgokr&oacute;l, amik igaz&aacute;n sz&aacute;m&iacute;tanak. Egykor jelent&eacute;st hordoz&oacute; cselekv&eacute;seink hamar rutinszer&#369; k&ouml;teless&eacute;gg&eacute; v&aacute;lhatnak, s egy id&#337; ut&aacute;n m&aacute;r abban sem vagyunk biztosak, hogy mi az a magasabb rend&#369; c&eacute;l, ami&eacute;rt ennyi energi&aacute;t ford&iacute;tunk az elv&eacute;gz&eacute;s&uuml;kre. &Iacute;gy volt ezzel Darius Fox &iacute;r&oacute; is, aki a Medium\/Personal Growth oldalon gy&#369;jt&ouml;tte &ouml;ssze azokat a tanuls&aacute;gokat, amelyek mindig arra &ouml;szt&ouml;nzik, hogy kim&aacute;sszon a g&ouml;d&ouml;rb&#337;l. A list&aacute;t kieg&eacute;sz&iacute;t&eacute;sekkel k&ouml;z&ouml;lj&uuml;k.<\/p>\n<h2>Erre &eacute;rdemes eml&eacute;keztetned magad, amikor neh&eacute;z<\/h2>\n<p>Az al&aacute;bbi lista nem egy mindenre megold&aacute;st ny&uacute;jt&oacute;, b&#369;v&ouml;s recept. Ink&aacute;bb abban tud seg&iacute;teni, hogy elindulj az &uacute;jratervez&eacute;sben &eacute;s tudatos&iacute;tsd magadban a priorit&aacute;saidat. Term&eacute;szetesen a legide&aacute;lisabb az, ha ezt egy szakember seg&iacute;ts&eacute;g&eacute;vel tudod megtenni, aki t&aacute;mogat abban, hogy felt&aacute;rd a viselked&eacute;seid, az &eacute;rz&eacute;seid, a gondolataid &eacute;s a testi m&#369;k&ouml;d&eacute;seid k&ouml;z&ouml;tti rejtett &ouml;sszef&uuml;gg&eacute;seket. <\/p>\n<div class=\"faq_container\">\n<div class=\"faq\">\n<div class=\"faq_question\">1. &Ouml;nmagad&eacute;rt neked kell felel&#337;ss&eacute;get v&aacute;llalni.<\/div>\n<div class=\"faq_answer_container\">\n<div class=\"faq_answer\">\n<p>\nAz emberek sokszor &ouml;nz&#337;nek tartj&aacute;k azokat, akik odafigyelnek magukra &eacute;s v&eacute;dik a hat&aacute;raikat. Pedig ez nem &ouml;nz&#337;s&eacute;g, hanem felel&#337;ss&eacute;gv&aacute;llal&aacute;s a saj&aacute;t j&oacute;ll&eacute;t&uuml;nk&eacute;rt. Mert hossz&uacute; t&aacute;von csak akkor tudsz kapcsol&oacute;dni m&aacute;sokhoz, tenni valamit &eacute;rt&uuml;k, ha magadr&oacute;l is megtanulsz gondoskodni. <\/p>\n<p><span class=\"ma-red\">Soma: Nagyon fontosnak tartom, s sajn&aacute;lom, hogy nem mindenki ismeri fel, hogy a felel&#337;ss&eacute;gv&aacute;llal&aacute;s milyen fontos dolog a saj&aacute;t &eacute;let&uuml;nkben. A tetteink&eacute;rt, szavaink&eacute;rt, gondolataink&eacute;rt mi vagyunk a felel&#337;sek. Azt gondolom, ha ezek&eacute;rt nem v&aacute;llalunk felel&#337;ss&eacute;get, akkor &ouml;nmagunk&eacute;rt sem tudunk. Ha mindig van egy hib&aacute;s, aki miatt &eacute;ppen nem j&oacute;l &aacute;ll a mi sz&eacute;n&aacute;nk, akkor val&oacute;ban el&eacute;g nagy z&#369;rben lehet&uuml;nk&hellip; S lesz&uuml;nk is mindig.<\/span>\n\t\t\t<\/p>\n<\/div>\n<\/div>\n<\/div>\n<\/div>\n<div class=\"faq_container\">\n<div class=\"faq\">\n<div class=\"faq_question\">2. Nem kell mindenben j&oacute;nak lenned.<\/div>\n<div class=\"faq_answer_container\">\n<div class=\"faq_answer\">\n<p>\nNem kell minden egyes lehet&#337;s&eacute;get kihaszn&aacute;lnod, ami az utadba ker&uuml;l. Nyugodtan oszd be az energi&aacute;idat, prioriz&aacute;lj, tanulj meg nemet mondani. Aki t&uacute;ls&aacute;gosan komolyan veszi mag&aacute;t, hamar r&aacute;g&ouml;rcs&ouml;l a dolgokra.<\/p>\n<p><span class=\"ma-red\">Soma: Ez egy vessz&#337;parip&aacute;m. Azt gondolom, hogy sokan olyan &aacute;llapotban &eacute;lik le az &eacute;let&uuml;ket, hogy mindig bizony&iacute;tani szeretn&eacute;nek. Sokszsor azt sem tudj&aacute;k, kinek &eacute;s mit, s tal&aacute;n m&eacute;g azt sem, hogy bizony&iacute;tani szeretn&eacute;nek. Nem kell mindig nyerni, els&#337;nek lenni. Legal&aacute;bbis &eacute;n ezt gondolom. :o)<\/span>\n\t\t\t<\/p>\n<\/div>\n<\/div>\n<\/div>\n<\/div>\n<div class=\"faq_container\">\n<div class=\"faq\">\n<div class=\"faq_question\">3. Nem kedvelhet mindenki.<\/div>\n<div class=\"faq_answer_container\">\n<div class=\"faq_answer\">\n<p>\nAz a fontos, hogy te k&eacute;nyelmes legy&eacute;l &ouml;nmagaddal. Ha el tudod fogadni magad a t&ouml;k&eacute;letlens&eacute;geiddel egy&uuml;tt, &eacute;s m&aacute;sokkal is tiszteletteljes vagy, j&oacute; es&eacute;llyel lesznek sokat ad&oacute; emberi kapcsolataid. A t&ouml;bbieken pedig nem &eacute;rdemes bosszankodni.<\/p>\n<p><span class=\"ma-red\">Soma: Nem. &Eacute;s tal&aacute;n nem is kell, hogy kedveljen. Mindenkinek megvan a joga, hogy ne kedveljen.<\/span>\n\t\t\t<\/p>\n<\/div>\n<\/div>\n<\/div>\n<\/div>\n<div class=\"faq_container\">\n<div class=\"faq\">\n<div class=\"faq_question\">4. Csak akkor fejl&#337;dsz, ha kih&iacute;v&aacute;sokat keresel.<\/div>\n<div class=\"faq_answer_container\">\n<div class=\"faq_answer\">\n<p>\nHa mindig biztosra m&eacute;sz, egy id&#337; ut&aacute;n nem fognak fejl&#337;dni a k&eacute;pess&eacute;geid. L&eacute;nyeges, hogy az &eacute;let egy-egy ter&uuml;let&eacute;n t&aacute;massz magad el&eacute; olyan kih&iacute;v&aacute;sokat, amelyek n&ouml;veked&eacute;sre sarkallnak. Ilyenkor nem is a v&eacute;geredm&eacute;ny sz&aacute;m&iacute;t igaz&aacute;n, hiszen menet k&ouml;zben biztosan &eacute;rt&eacute;kes tapasztalatokkal gazdagodsz majd.<\/p>\n<p><span class=\"ma-red\">Soma: Ebben nem vagyok biztos, s mind&ouml;ssze ennyit tudok hozz&aacute; f&#369;zni&hellip;<\/span>\n\t\t\t<\/p>\n<\/div>\n<\/div>\n<\/div>\n<\/div>\n<div class=\"faq_container\">\n<div class=\"faq\">\n<div class=\"faq_question\">5. Id&#337;nk&eacute;nt musz&aacute;j prioriz&aacute;lnod<\/div>\n<div class=\"faq_answer_container\">\n<div class=\"faq_answer\">\n<p>\nMindannyian v&eacute;ges p&eacute;nz&uuml;gyi &eacute;s id&#337;beli kapacit&aacute;sokkal rendelkez&uuml;nk. B&aacute;rhogy pr&oacute;b&aacute;lkozunk, a nap akkor is csak 24 &oacute;r&aacute;b&oacute;l fog &aacute;llni. Persze mindig lehet &uuml;gyesedni abban, hogy jobban kihaszn&aacute;ljuk az id&#337;nket. Azt is j&oacute; szem el&#337;tt tartani, hogy v&eacute;gs&#337; soron mi magunk d&ouml;ntj&uuml;k el, hogy mire mennyi id&#337;t ford&iacute;tunk, m&eacute;g akkor is, ha ezek a felt&eacute;telek n&eacute;ha megingathatatlan k&uuml;ls&#337; k&eacute;nyszereknek t&#369;nnek. Alak&iacute;tsd &uacute;gy az &eacute;letedet, hogy a legfontosabb dolgok belef&eacute;rjenek. Nehogy olyasvalami maradjon ki, amit k&eacute;s&#337;bb nagyon fogsz b&aacute;nni.<\/p>\n<p><span class=\"ma-red\">Soma: Igen.<\/span>\n\t\t\t<\/p>\n<\/div>\n<\/div>\n<\/div>\n<\/div>\n<div class=\"faq_container\">\n<div class=\"faq\">\n<div class=\"faq_question\">6. Gondolj a j&ouml;v&#337;beli &eacute;nedre is<\/div>\n<div class=\"faq_answer_container\">\n<div class=\"faq_answer\">\n<p>\nJusson eszedbe, hogy j&oacute; es&eacute;llyel 10, 20, 30, 40 &eacute;v m&uacute;lva is &eacute;lni fogsz. Sokszor j&oacute; &eacute;rz&eacute;s a carpe diem filoz&oacute;fi&aacute;ja alapj&aacute;n a jelen &ouml;r&ouml;meinek &eacute;lni, de ha ez &ouml;ndestrukci&oacute;val vagy eg&eacute;szs&eacute;gk&aacute;ros&iacute;t&oacute; viselked&eacute;sekkel j&aacute;r, m&aacute;r kor&aacute;ntsem biztos, hogy hossz&uacute; t&aacute;von is meg&eacute;ri.<\/p>\n<p><span class=\"ma-red\">Soma: Igen.<\/span>\n\t\t\t<\/p>\n<\/div>\n<\/div>\n<\/div>\n<\/div>\n<div class=\"faq_container\">\n<div class=\"faq\">\n<div class=\"faq_question\">7. A hull&aacute;mv&ouml;lgy ut&aacute;n mindig hull&aacute;mhegy j&ouml;n<\/div>\n<div class=\"faq_answer_container\">\n<div class=\"faq_answer\">\n<p>\n&Oacute;ri&aacute;si k&ouml;zhely, hogy az &eacute;let nem k&ouml;nny&#369;, de att&oacute;l m&eacute;g sajnos &iacute;gy van. Mindannyian szembes&uuml;l&uuml;nk olyan akad&aacute;lyokkal, amelyeket nehezen ugrunk meg. Term&eacute;szetes, hogy vannak rosszabb peri&oacute;dusaink, az id&#337;nk&eacute;nti visszaes&eacute;s elker&uuml;lhetetlen. De az is t&ouml;rv&eacute;nyszer&#369;nek t&#369;nik, hogy ezek mindig elm&uacute;lnak egyszer, ha te is kitart&oacute; vagy &eacute;s dolgozol magadon.  <\/p>\n<p><span class=\"ma-red\">Soma: A tapasztalat ezt mutatja. Ha m&aacute;sok &eacute;let&eacute;t szeml&eacute;lem, akkor is, ha a saj&aacute;tomat, akkor is. Tal&aacute;n n&eacute;ha nehezen ismerj&uuml;k fel, hogy m&aacute;r felfel&eacute; megy&uuml;nk.<\/span>\n\t\t\t<\/p>\n<\/div>\n<\/div>\n<\/div>\n<\/div>\n<div class=\"faq_container\">\n<div class=\"faq\">\n<div class=\"faq_question\">8. Aki talpra &aacute;ll, &uacute;jra eleshet, &eacute;s ez ok&eacute;<\/div>\n<div class=\"faq_answer_container\">\n<div class=\"faq_answer\">\n<p>\n Amikor valami lenyomja, sok ember hajlamos a padl&oacute;n maradni, mert tehetetlennek &eacute;rzi mag&aacute;t, er&#337;tlennek a v&aacute;ltoz&aacute;shoz, &eacute;s megfelel&#337; seg&iacute;ts&eacute;get sem kap az &uacute;jrakezd&eacute;shez. Nagyon fontos, hogy mindig legyen tere &eacute;s ideje a negat&iacute;v &eacute;lm&eacute;nyek meg&eacute;l&eacute;s&eacute;nek, feldolgoz&aacute;s&aacute;nak. De ezt k&ouml;vet&#337;en &eacute;rdemes &uacute;jra elindulni, kiny&iacute;lni, kapcsol&oacute;dni. Ebben van kock&aacute;zat, de ha minden el&#337;l folyamatosan elmenek&uuml;lsz, az &eacute;leted is &oacute;hatatlanul besz&#369;k&uuml;l.<\/p>\n<p> <span class=\"ma-red\">Soma: Igen. Ha egyszer fel&aacute;llunk, tal&aacute;n nem kellene k&eacute;szp&eacute;nznek venni, hogy t&ouml;bbet nem fogunk elesni.<\/span>\n\t\t\t<\/p>\n<\/div>\n<\/div>\n<\/div>\n<\/div>\n<div class=\"faq_container\">\n<div class=\"faq\">\n<div class=\"faq_question\">9. Ne vedd term&eacute;szetesnek mindazt, amid van<\/div>\n<div class=\"faq_answer_container\">\n<div class=\"faq_answer\">\n<p>\nAz ember &aacute;ltal&aacute;ban mindig t&ouml;bbet akar, &eacute;s hajlamos arra f&oacute;kusz&aacute;lni, amije nincs. Pedig ha belegondolsz, val&oacute;sz&iacute;n&#369;leg m&aacute;r most is sok minden van az &eacute;letedben, ami&eacute;rt h&aacute;l&aacute;s lehetsz. Ezt j&oacute; lenne nem elfelejteni a mindennapokban.<\/p>\n<p><span class=\"ma-red\">Soma: Ami k&ouml;nnyen j&ouml;n, az k&ouml;nnyen megy. Ehhez tal&aacute;n annyit &eacute;rdemes hozz&aacute;tenni, hogy ami nehezen j&ouml;n, az is mehet k&ouml;nnyen, s ami k&ouml;nnyen j&ouml;n, az is mehet nehezen. :o)<\/span>\n\t\t\t<\/p>\n<\/div>\n<\/div>\n<\/div>\n<\/div>\n<div class=\"faq_container\">\n<div class=\"faq\">\n<div class=\"faq_question\">10. Az emberi kapcsolataink fenntart&aacute;sa munk&aacute;t ig&eacute;nyel<\/div>\n<div class=\"faq_answer_container\">\n<div class=\"faq_answer\">\n<p>\nSoha ne vedd mag&aacute;t&oacute;l &eacute;rtet&#337;d&#337;nek, hogy vannak bar&aacute;taid, csal&aacute;dtagjaid, partnered. Ha nem &aacute;polod a kapcsolatot vel&uuml;k &eacute;s nem figyelsz oda r&aacute;juk, akkor k&ouml;nnyen ki&uuml;resedhet a k&ouml;z&ouml;ttetek lev&#337; viszony, majd egy nap kis&eacute;t&aacute;lhatnak az &eacute;letedb&#337;l. Ne ez legyen az a pont, amikor &eacute;szbe kapsz.<\/p>\n<p><span class=\"ma-red\">Soma: Az el&#337;z&#337; pontra kapcsol&oacute;d&oacute; gondolat. Azt gondolom, sosem tart csak &uacute;gy mag&aacute;t&oacute;l sok&aacute;ig az sem, ami egyszer j&oacute;.<\/span>\n\t\t\t<\/p>\n<\/div>\n<\/div>\n<\/div>\n<\/div>\n<div class=\"faq_container\">\n<div class=\"faq\">\n<div class=\"faq_question\">11. J&oacute; emberekkel vedd k&ouml;r&uuml;l magad<\/div>\n<div class=\"faq_answer_container\">\n<div class=\"faq_answer\">\n<p>\nMivel ismered a saj&aacute;t hat&aacute;raidat, k&ouml;nnyebben &eacute;szre tudod venni, ha korl&aacute;tozz&aacute;k, &aacute;th&aacute;gj&aacute;k, semmibe veszik &#337;ket. Ker&uuml;ld a b&aacute;ntalmaz&oacute; embereket &eacute;s azokat, akik elsz&iacute;vj&aacute;k az &ouml;sszes energi&aacute;dat. Keresd azok t&aacute;rsas&aacute;g&aacute;t, akik szeretnek, tisztelnek, akikkel k&ouml;lcs&ouml;n&ouml;sen t&aacute;mogatni tudj&aacute;tok egym&aacute;st.<\/p>\n<p><span class=\"ma-red\">Soma: Ennek az erej&eacute;t &eacute;rdemes &aacute;tgondolni &eacute;s &eacute;rt&eacute;kelni.<\/span>\n\t\t\t<\/p>\n<\/div>\n<\/div>\n<\/div>\n<\/div>\n<div class=\"faq_container\">\n<div class=\"faq\">\n<div class=\"faq_question\">12. Teljesen ok&eacute; egyed&uuml;l lenni<\/div>\n<div class=\"faq_answer_container\">\n<div class=\"faq_answer\">\n<p>\nAz emberek t&uacute;l sok k&aacute;rt&eacute;kony dolgot bev&aacute;llalnak az&eacute;rt, hogy elker&uuml;lj&eacute;k a mag&aacute;nyt. &Ouml;sszeh&aacute;zasodnak valakivel, akit nem szeretnek igaz&aacute;n. Nem mernek elv&aacute;lni a h&aacute;zast&aacute;rsukt&oacute;l, mert f&eacute;lnek a stigm&aacute;t&oacute;l &eacute;s az egyed&uuml;ll&eacute;tt&#337;l. Bar&aacute;tkoznak olyanokkal, akikkel am&uacute;gy esz&uuml;k &aacute;g&aacute;ban sem lenne. Ha megtanulod, hogyan ne legy&eacute;l egyed&uuml;l sem boldogtalan, nem kell megalkuv&oacute;nak lenned az emberi kapcsolataidban.<\/p>\n<p><span class=\"ma-red\">Soma: M&eacute;g akkor is, ha van, akinek ez gondot okoz. Ha &ouml;nmagunkkal kapcsolatban azt gondoljuk, hogy j&oacute; t&aacute;rsas&aacute;gban vagyunk, akkor szerintem k&ouml;nnyebb a dolog.<\/span>\n\t\t\t<\/p>\n<\/div>\n<\/div>\n<\/div>\n<\/div>\n<div class=\"faq_container\">\n<div class=\"faq\">\n<div class=\"faq_question\">13. Am&iacute;g k&iacute;v&aacute;ncsi tudsz maradni, nincs nagy baj.<\/div>\n<div class=\"faq_answer_container\">\n<div class=\"faq_answer\">\n<p>\nA tanul&aacute;s ir&aacute;nti v&aacute;gy rendszerint a legnagyobb elakad&aacute;sokb&oacute;l is seg&iacute;t kij&ouml;nni. Ha &eacute;rdekel a vil&aacute;g, a tudom&aacute;ny, a m&#369;v&eacute;szet, a saj&aacute;t &eacute;s a t&ouml;bbi ember m&#369;k&ouml;d&eacute;se, biztosan izgalmass&aacute; tudod tenni a napjaidat.<\/p>\n<p><span class=\"ma-red\">Soma: A j&oacute; pap holtig tanul. A szellem torn&aacute;ja biztosan van  legal&aacute;bb olyan fontos, mint a test torn&aacute;ja. L&aacute;sd a 6. pontot.<\/span>\n\t\t\t<\/p>\n<\/div>\n<\/div>\n<\/div>\n<\/div>\n<div class=\"faq_container\">\n<div class=\"faq\">\n<div class=\"faq_question\">14. Ne ess k&eacute;ts&eacute;gbe, ha valamit nem kapsz meg egyb&#337;l<\/div>\n<div class=\"faq_answer_container\">\n<div class=\"faq_answer\">\n<p>\nN&eacute;ha akkor j&aacute;rsz a legjobban, ha kit&eacute;r&#337;kkel jutsz el a c&eacute;lodhoz. Legy&eacute;l t&uuml;relmes, a megfelel&#337; munka el&#337;bb-ut&oacute;bb meghozza a gy&uuml;m&ouml;lcs&eacute;t. Ha mindig a k&ouml;vetkez&#337; tr&oacute;fe&aacute;d lebeg a szemed el&#337;tt, lemaradhatsz azokr&oacute;l a dolgokr&oacute;l, amik &eacute;pp az orrod el&#337;tt v&aacute;rj&aacute;k, hogy &eacute;szrevedd &#337;ket.<\/p>\n<p><span class=\"ma-red\">Soma: &hellip; Igen<\/span>\n\t\t\t<\/p>\n<\/div>\n<\/div>\n<\/div>\n<\/div>\n<div class=\"faq_container\">\n<div class=\"faq\">\n<div class=\"faq_question\">15. A szabads&aacute;godnak &aacute;ra van, de &eacute;rdemes v&eacute;deni<\/div>\n<div class=\"faq_answer_container\">\n<div class=\"faq_answer\">\n<p>\nDarius Fox szerint az ember &eacute;let&eacute;ben az a legnagyobb szabads&aacute;g, ha azokkal a tev&eacute;kenys&eacute;gekkel &eacute;s emberekkel t&ouml;ltheti az idej&eacute;t, akikkel szeretn&eacute;. Ez nagy &eacute;rt&eacute;k, amit azonban k&uuml;ls&#337; k&ouml;r&uuml;lm&eacute;nyek id&#337;r&#337;l id&#337;re korl&aacute;tozni igyekeznek. &Eacute;rdemes azonban a folyamatosan v&aacute;ltoz&oacute; felt&eacute;telek mellett is akt&iacute;van keresni azokat a megold&aacute;sokat, amelyek seg&iacute;ts&eacute;g&eacute;vel &uacute;gy tudsz a felsz&iacute;nen maradni, hogy k&ouml;zben nem kell al&aacute;bb adnod mindabb&oacute;l, amiben hiszel.<\/p>\n<p><span class=\"ma-red\">Soma: Ezt nagyon &eacute;rdekes gondolatnak tartom a szabads&aacute;gr&oacute;l. Ak&aacute;rhogy is gondolunk a szabads&aacute;gra, az biztos, hogy sok tennival&oacute;, esetleg fel&aacute;ldoz&aacute;s sz&uuml;ks&eacute;ges annak az el&eacute;r&eacute;s&eacute;hez, legyen sz&oacute; b&aacute;rki &eacute;let&eacute;r&#337;l &eacute;s szabads&aacute;g defin&iacute;ci&oacute;j&aacute;r&oacute;l.<\/span>\n\t\t\t<\/p>\n<\/div>\n<\/div>\n<\/div>\n<\/div>\n<p>&nbsp;<\/p>\n<pre>forr&aacute;s: <a href=\"https:\/\/divany.hu\/eletem\/2020\/01\/08\/elakadas-inspiracio\/\" target=\"_blank\" rel=\"noopener noreferrer\">https:\/\/divany.hu\/eletem\/2020\/01\/08\/elakadas-inspiracio\/<\/a><\/pre>\n","protected":false},"excerpt":{"rendered":"<p>Megint egy pontokba szedett &ouml;sszefoglal&oacute;. &Uacute;gy l&aacute;tszik, ezek el&eacute;gg&eacute; szimpatikusak sz&aacute;momra. Az al&aacute;bbi list&aacute;ban van j&oacute; p&aacute;r olyan dolog, amivel teljesen egyet tudok &eacute;rteni, amiben ak&aacute;r tapasztalatom is van. &Iacute;gy a szok&aacute;sos m&oacute;don a list&aacute;t kicsit ell&aacute;ttam a saj&aacute;t megjegyz&eacute;seimmel. Milanovich Domi &iacute;r&aacute;sa: Biztosan veled is el&#337;fordult m&aacute;r, hogy &uacute;gy &eacute;rezted, teljesen megrekedt&eacute;l. Semmire sem <a href=\"https:\/\/www.schulmann.hu\/istvan\/15-gondolat-ami-segithet-ha-elakadtal-az-eletben\/\" rel=\"nofollow\"><span class=\"sr-only\">Read more about 15 gondolat, ami seg&iacute;thet, ha elakadt&aacute;l az &eacute;letben<\/span>[&hellip;]<\/a><\/p>\n","protected":false},"author":1,"featured_media":2860,"comment_status":"open","ping_status":"open","sticky":false,"template":"","format":"standard","meta":{"om_disable_all_campaigns":false,"_monsterinsights_skip_tracking":false,"_monsterinsights_sitenote_active":false,"_monsterinsights_sitenote_note":"","_monsterinsights_sitenote_category":0,"ngg_post_thumbnail":0},"categories":[14],"tags":[],"aioseo_notices":[],"jetpack_featured_media_url":"https:\/\/i0.wp.com\/www.schulmann.hu\/istvan\/wp-content\/uploads\/2020\/08\/tizenot.jpg?fit=700%2C350&ssl=1","_links":{"self":[{"href":"https:\/\/www.schulmann.hu\/istvan\/wp-json\/wp\/v2\/posts\/2859"}],"collection":[{"href":"https:\/\/www.schulmann.hu\/istvan\/wp-json\/wp\/v2\/posts"}],"about":[{"href":"https:\/\/www.schulmann.hu\/istvan\/wp-json\/wp\/v2\/types\/post"}],"author":[{"embeddable":true,"href":"https:\/\/www.schulmann.hu\/istvan\/wp-json\/wp\/v2\/users\/1"}],"replies":[{"embeddable":true,"href":"https:\/\/www.schulmann.hu\/istvan\/wp-json\/wp\/v2\/comments?post=2859"}],"version-history":[{"count":4,"href":"https:\/\/www.schulmann.hu\/istvan\/wp-json\/wp\/v2\/posts\/2859\/revisions"}],"predecessor-version":[{"id":2866,"href":"https:\/\/www.schulmann.hu\/istvan\/wp-json\/wp\/v2\/posts\/2859\/revisions\/2866"}],"wp:featuredmedia":[{"embeddable":true,"href":"https:\/\/www.schulmann.hu\/istvan\/wp-json\/wp\/v2\/media\/2860"}],"wp:attachment":[{"href":"https:\/\/www.schulmann.hu\/istvan\/wp-json\/wp\/v2\/media?parent=2859"}],"wp:term":[{"taxonomy":"category","embeddable":true,"href":"https:\/\/www.schulmann.hu\/istvan\/wp-json\/wp\/v2\/categories?post=2859"},{"taxonomy":"post_tag","embeddable":true,"href":"https:\/\/www.schulmann.hu\/istvan\/wp-json\/wp\/v2\/tags?post=2859"}],"curies":[{"name":"wp","href":"https:\/\/api.w.org\/{rel}","templated":true}]}}